{"id":3127,"date":"2021-12-07T13:44:24","date_gmt":"2021-12-07T11:44:24","guid":{"rendered":"https:\/\/museuestampacio.pdm.cat\/?p=3127"},"modified":"2021-12-07T13:44:27","modified_gmt":"2021-12-07T11:44:27","slug":"el-mep-cede-una-pieza-para-la-exposicion-un-museo-mil-tramas","status":"publish","type":"post","link":"https:\/\/museuestampacio.pdm.cat\/es\/el-mep-cede-una-pieza-para-la-exposicion-un-museo-mil-tramas\/","title":{"rendered":"El MEP cede una pieza para la exposici\u00f3n \u00abUn museo, mil tramas\u00bb"},"content":{"rendered":"\n<p>El d\u00eda 26 de noviembre se inaugur\u00f3 la exposici\u00f3n de conmemoraci\u00f3n del 75 aniversario del Museu T\u00e8xtil de Terrassa, \u201cUn museo, mil tramas\u201d. El Museu de l\u2019Estampaci\u00f3 colabora en ella mediante la cesi\u00f3n en pr\u00e9stamo de una de les nuestras piezas, una moleta de la segunda mitad del s. XIX- primera mitad del s. XX para grabar en vac\u00edo los cilindros para la estampaci\u00f3n.<\/p>\n\n\n\n<p>Enhorabuena Museu T\u00e8xtil por el aniversario y la exposici\u00f3n!<\/p>\n","protected":false},"excerpt":{"rendered":"<p>El d\u00eda 26 de noviembre se inaugur\u00f3 la exposici\u00f3n de conmemoraci\u00f3n del 75 aniversario del Museu T\u00e8xtil de Terrassa, \u201cUn museo, mil tramas\u201d. El Museu de l\u2019Estampaci\u00f3 colabora en ella mediante la cesi\u00f3n en pr\u00e9stamo de una de les nuestras piezas, una moleta de la segunda mitad del s. XIX- primera mitad del s. XX &#8230; <a title=\"El MEP cede una pieza para la exposici\u00f3n \u00abUn museo, mil tramas\u00bb\" class=\"read-more\" href=\"https:\/\/museuestampacio.pdm.cat\/es\/el-mep-cede-una-pieza-para-la-exposicion-un-museo-mil-tramas\/\" aria-label=\"Leer m\u00e1s sobre El MEP cede una pieza para la exposici\u00f3n \u00abUn museo, mil tramas\u00bb\">Leer m\u00e1s<\/a><\/p>\n","protected":false},"author":6,"featured_media":3125,"comment_status":"open","ping_status":"open","sticky":false,"template":"","format":"standard","meta":{"footnotes":""},"categories":[5],"tags":[],"class_list":["post-3127","post","type-post","status-publish","format-standard","has-post-thumbnail","hentry","category-sin-categorizar"],"_links":{"self":[{"href":"https:\/\/museuestampacio.pdm.cat\/es\/wp-json\/wp\/v2\/posts\/3127","targetHints":{"allow":["GET"]}}],"collection":[{"href":"https:\/\/museuestampacio.pdm.cat\/es\/wp-json\/wp\/v2\/posts"}],"about":[{"href":"https:\/\/museuestampacio.pdm.cat\/es\/wp-json\/wp\/v2\/types\/post"}],"author":[{"embeddable":true,"href":"https:\/\/museuestampacio.pdm.cat\/es\/wp-json\/wp\/v2\/users\/6"}],"replies":[{"embeddable":true,"href":"https:\/\/museuestampacio.pdm.cat\/es\/wp-json\/wp\/v2\/comments?post=3127"}],"version-history":[{"count":1,"href":"https:\/\/museuestampacio.pdm.cat\/es\/wp-json\/wp\/v2\/posts\/3127\/revisions"}],"predecessor-version":[{"id":3128,"href":"https:\/\/museuestampacio.pdm.cat\/es\/wp-json\/wp\/v2\/posts\/3127\/revisions\/3128"}],"wp:featuredmedia":[{"embeddable":true,"href":"https:\/\/museuestampacio.pdm.cat\/es\/wp-json\/wp\/v2\/media\/3125"}],"wp:attachment":[{"href":"https:\/\/museuestampacio.pdm.cat\/es\/wp-json\/wp\/v2\/media?parent=3127"}],"wp:term":[{"taxonomy":"category","embeddable":true,"href":"https:\/\/museuestampacio.pdm.cat\/es\/wp-json\/wp\/v2\/categories?post=3127"},{"taxonomy":"post_tag","embeddable":true,"href":"https:\/\/museuestampacio.pdm.cat\/es\/wp-json\/wp\/v2\/tags?post=3127"}],"curies":[{"name":"wp","href":"https:\/\/api.w.org\/{rel}","templated":true}]}}